{"id":811,"date":"2022-07-18T18:03:34","date_gmt":"2022-07-18T18:03:34","guid":{"rendered":"https:\/\/prcfutaleufu.cl\/?p=811"},"modified":"2022-07-18T18:35:22","modified_gmt":"2022-07-18T18:35:22","slug":"futaleufu-se-prepara-para-consulta-de-la-imagen-objetivo-del-plan-regulador-comunal-prc","status":"publish","type":"post","link":"https:\/\/prcfutaleufu.cl\/en\/futaleufu-se-prepara-para-consulta-de-la-imagen-objetivo-del-plan-regulador-comunal-prc\/","title":{"rendered":"Futaleuf\u00fa se prepara para Consulta de la Imagen Objetivo del Plan Regulador Comunal (PRC)"},"content":{"rendered":"<ul>\n<li><em>El 26 y 27 de julio se llevar\u00e1n a cabo las Audiencias P\u00fablicas para explicar la propuesta de estructuraci\u00f3n paras el territorio<\/em><\/li>\n<li><em>Comunidad podr\u00e1 dejar observaciones en www.prcfutaleufu.cl\u00a0y en la oficina de partes de la Municipalidad.<\/em><\/li>\n<\/ul>\n<p><strong><br \/>\n<\/strong>El proyecto para un Plan Regulador de Futaleuf\u00fa avanza a paso firme. Es por esto que, a partir del 25 de julio, comenzar\u00e1 la exposici\u00f3n oficial de la alternativa de estructuraci\u00f3n sugerida para el territorio y que se dispondr\u00e1 en forma f\u00edsica en la Casa de la Cultura la comuna (Balmaceda 900). Asimismo, el <strong>26 y 27 de julio<\/strong>, se realizar\u00e1n las <strong>Audiencias P\u00fablicas<\/strong> correspondientes para explicar la propuesta presentada a las autoridades municipales.<\/p>\n<p>Estas reuniones abiertas a los vecinos se llevar\u00e1n a cabo en el <strong>Auditorio del Liceo Bicentenario a las 18 horas<\/strong> de ambos d\u00edas.<\/p>\n<p>Cabe destacar que la exposici\u00f3n de los materiales f\u00edsica se mantendr\u00e1 hasta el 25 de agosto, y en ella se podr\u00e1 encontrar el plano y sus explicaciones, m\u00e1s el resumen ejecutivo del proyecto que busca entregar un ordenamiento territorial a la comuna. A partir de esa fecha tambi\u00e9n, estar\u00e1n disponibles en el sitio <a href=\"http:\/\/www.prcfutalef\u00fa\" target=\"_blank\" rel=\"noopener\">www.prcfutalef\u00fa.cl<\/a>\u00a0donde podr\u00e1n dejar sus observaciones, comentarios o sugerencias.<\/p>\n<p>Luego de finalizado el periodo de exposici\u00f3n y de recibidos los comentarios, \u00e9stos ser\u00e1n analizados y volver\u00e1n a ser presentado al Concejo Municipal, d\u00f3nde se evaluar\u00e1 la pertinencia de cada uno de ellos, para avanzar hacia una consulta p\u00fablica que buscara la aprobaci\u00f3n definitiva del proyecto, por parte de la comunidad.<\/p>\n<p><strong>A continuaci\u00f3n, un avance de la muestra:<\/strong><\/p>\n<p><img decoding=\"async\" class=\"alignleft wp-image-812\" src=\"https:\/\/prcfutaleufu.cl\/wp-content\/uploads\/2022\/07\/foto-plano.jpg\" alt=\"\" width=\"1000\" height=\"764\" srcset=\"https:\/\/prcfutaleufu.cl\/wp-content\/uploads\/2022\/07\/foto-plano-16x12.jpg 16w, https:\/\/prcfutaleufu.cl\/wp-content\/uploads\/2022\/07\/foto-plano-200x153.jpg 200w, https:\/\/prcfutaleufu.cl\/wp-content\/uploads\/2022\/07\/foto-plano-300x229.jpg 300w, https:\/\/prcfutaleufu.cl\/wp-content\/uploads\/2022\/07\/foto-plano-400x306.jpg 400w, https:\/\/prcfutaleufu.cl\/wp-content\/uploads\/2022\/07\/foto-plano-600x459.jpg 600w, https:\/\/prcfutaleufu.cl\/wp-content\/uploads\/2022\/07\/foto-plano.jpg 751w\" sizes=\"(max-width: 1000px) 100vw, 1000px\" \/><\/p>","protected":false},"excerpt":{"rendered":"<p>El 26 y 27 de julio se llevar\u00e1n a cabo [&hellip;]<\/p>\n","protected":false},"author":1,"featured_media":0,"comment_status":"open","ping_status":"closed","sticky":false,"template":"","format":"standard","meta":{"footnotes":""},"categories":[1],"tags":[],"class_list":["post-811","post","type-post","status-publish","format-standard","hentry","category-uncategorized"],"_links":{"self":[{"href":"https:\/\/prcfutaleufu.cl\/en\/wp-json\/wp\/v2\/posts\/811","targetHints":{"allow":["GET"]}}],"collection":[{"href":"https:\/\/prcfutaleufu.cl\/en\/wp-json\/wp\/v2\/posts"}],"about":[{"href":"https:\/\/prcfutaleufu.cl\/en\/wp-json\/wp\/v2\/types\/post"}],"author":[{"embeddable":true,"href":"https:\/\/prcfutaleufu.cl\/en\/wp-json\/wp\/v2\/users\/1"}],"replies":[{"embeddable":true,"href":"https:\/\/prcfutaleufu.cl\/en\/wp-json\/wp\/v2\/comments?post=811"}],"version-history":[{"count":7,"href":"https:\/\/prcfutaleufu.cl\/en\/wp-json\/wp\/v2\/posts\/811\/revisions"}],"predecessor-version":[{"id":819,"href":"https:\/\/prcfutaleufu.cl\/en\/wp-json\/wp\/v2\/posts\/811\/revisions\/819"}],"wp:attachment":[{"href":"https:\/\/prcfutaleufu.cl\/en\/wp-json\/wp\/v2\/media?parent=811"}],"wp:term":[{"taxonomy":"category","embeddable":true,"href":"https:\/\/prcfutaleufu.cl\/en\/wp-json\/wp\/v2\/categories?post=811"},{"taxonomy":"post_tag","embeddable":true,"href":"https:\/\/prcfutaleufu.cl\/en\/wp-json\/wp\/v2\/tags?post=811"}],"curies":[{"name":"wp","href":"https:\/\/api.w.org\/{rel}","templated":true}]}}