{"id":803,"date":"2022-06-15T16:36:52","date_gmt":"2022-06-15T16:36:52","guid":{"rendered":"https:\/\/prcfutaleufu.cl\/?p=803"},"modified":"2022-06-15T17:17:13","modified_gmt":"2022-06-15T17:17:13","slug":"concejo-municipal-aprobo-propuesta-de-imagen-objetivo-del-proyecto-del-plan-regulador-comunal","status":"publish","type":"post","link":"https:\/\/prcfutaleufu.cl\/en\/concejo-municipal-aprobo-propuesta-de-imagen-objetivo-del-proyecto-del-plan-regulador-comunal\/","title":{"rendered":"Concejo municipal aprob\u00f3 propuesta de Imagen Objetivo del proyecto del Plan Regulador Comunal"},"content":{"rendered":"<p><strong><em>Alternativa que busca definir los l\u00edmites urbanos, zonas de expansi\u00f3n y \u00e1reas de protecci\u00f3n entre otras, ser\u00e1 expuesta p\u00fablicamente y recibir\u00e1 sugerencias y comentarios de la comunidad.<\/em><\/strong><\/p>\n<p>Un nuevo paso hacia la creaci\u00f3n del <span style=\"text-decoration: underline;\"><strong>Plan Regulador Comunal (PRC)<\/strong><\/span> dio este martes 14 de junio la comuna de Futaleuf\u00fa, luego que el Concejo Municipal aprobase de forma un\u00e1nime la propuesta desarrollada por la Consultora Coreal SpA como alternativa sugerida que delimitar\u00e1 los destinos urbanos de Futaleuf\u00fa.<\/p>\n<p>Durante la sesi\u00f3n del Concejo ordinaria, los concejales, encabezados por el alcalde, Alejandro Avello, votaron favorablemente la etapa de Imagen Objetivo del PRC que busca establecer las bases de acuerdos sobre los fundamentos, objetivos y principales elementos que estructuran el Plan y sus Alternativas. Para ello se pronunciaron sobre la Alternativa de Estructuraci\u00f3n con la cual se busca definir la visi\u00f3n deseada para el <strong>futuro del territorio <\/strong>en \u00a0t\u00e9rminos de <strong>planificaci\u00f3n y ordenamiento<\/strong> y que contempla en lo medular una propuesta sobre l\u00edmites, centros productivos, \u00e1reas de protecci\u00f3n, usos de suelos, entre otros,<\/p>\n<p>Cabe destacar que en la<strong> pr\u00f3xima fase ser\u00e1 la comunidad<\/strong> quien ser\u00e1 la encargada de <strong>conocer y pronunciarse<\/strong> sobre la propuesta, a trav\u00e9s de la asistencia <strong>audiencias p\u00fablicas<\/strong> que ser\u00e1n convocadas por la consultora e informadas oportunamente para promover el proyecto y cumplir con los mecanismos de participaci\u00f3n que se establecen en la normativa vigente. En dichas exposiciones p\u00fablicas, se recibir\u00e1n comentarios y sugerencias por un periodo de 30 d\u00edas. Los mismo a trav\u00e9s de canales digitales que ser\u00e1n debidamente informados.<\/p>\n<p>Luego de finalizado el per\u00edodo de exposici\u00f3n p\u00fablico del proyecto, los comentarios y sugerencias volver\u00e1n al Concejo para ser analizados y votada su admisibilidad. Con dichos antecedentes, se reformular\u00e1 o se mantendr\u00e1 la propuesta original seg\u00fan corresponda, para ser nuevamente votada por el Concejo y avanzar hacia la elaboraci\u00f3n del Anteproyecto.<\/p>\n<p>Todo el detalle de las alternativas del Plan Regulador Comunal, fases del proyecto y sugerencias, se encuentra disponible en <a href=\"https:\/\/prcfutaleufu.cl\/en\/\">www.prcfutaleufu.cl<\/a> \u00a0y en <a href=\"http:\/\/www.futaleufu.cl\" target=\"_blank\" rel=\"noopener\">www.futaleufu.cl<\/a><\/p>\n<p><strong>M\u00e1s Noticias<\/strong><\/p>\n<ul>\n<li>\n<p class=\"entry-title\"><a href=\"https:\/\/prcfutaleufu.cl\/en\/concejales-de-futaleufu-recibieron-alternativa-de-imagen-objetivo-para-el-plan-regulador-comunal\/\">Concejales de Futaleuf\u00fa recibieron alternativa de Imagen Objetivo para el Plan Regulador Comunal<\/a><\/p>\n<\/li>\n<li><a href=\"https:\/\/prcfutaleufu.cl\/en\/comenzo-la-evaluacion-ambiental-estrategica-eae-del-plan-regulador-comunal-de-futaleufu\/\">Comenz\u00f3 la Evaluaci\u00f3n Ambiental Estrat\u00e9gica (EAE) del Plan Regulador Comunal de Futaleuf\u00fa<\/a><\/li>\n<\/ul>","protected":false},"excerpt":{"rendered":"<p>Alternativa que busca definir los l\u00edmites urbanos, zonas de expansi\u00f3n [&hellip;]<\/p>\n","protected":false},"author":1,"featured_media":0,"comment_status":"open","ping_status":"closed","sticky":false,"template":"","format":"standard","meta":{"footnotes":""},"categories":[1],"tags":[24,23],"class_list":["post-803","post","type-post","status-publish","format-standard","hentry","category-uncategorized","tag-imagen","tag-prc"],"_links":{"self":[{"href":"https:\/\/prcfutaleufu.cl\/en\/wp-json\/wp\/v2\/posts\/803","targetHints":{"allow":["GET"]}}],"collection":[{"href":"https:\/\/prcfutaleufu.cl\/en\/wp-json\/wp\/v2\/posts"}],"about":[{"href":"https:\/\/prcfutaleufu.cl\/en\/wp-json\/wp\/v2\/types\/post"}],"author":[{"embeddable":true,"href":"https:\/\/prcfutaleufu.cl\/en\/wp-json\/wp\/v2\/users\/1"}],"replies":[{"embeddable":true,"href":"https:\/\/prcfutaleufu.cl\/en\/wp-json\/wp\/v2\/comments?post=803"}],"version-history":[{"count":4,"href":"https:\/\/prcfutaleufu.cl\/en\/wp-json\/wp\/v2\/posts\/803\/revisions"}],"predecessor-version":[{"id":809,"href":"https:\/\/prcfutaleufu.cl\/en\/wp-json\/wp\/v2\/posts\/803\/revisions\/809"}],"wp:attachment":[{"href":"https:\/\/prcfutaleufu.cl\/en\/wp-json\/wp\/v2\/media?parent=803"}],"wp:term":[{"taxonomy":"category","embeddable":true,"href":"https:\/\/prcfutaleufu.cl\/en\/wp-json\/wp\/v2\/categories?post=803"},{"taxonomy":"post_tag","embeddable":true,"href":"https:\/\/prcfutaleufu.cl\/en\/wp-json\/wp\/v2\/tags?post=803"}],"curies":[{"name":"wp","href":"https:\/\/api.w.org\/{rel}","templated":true}]}}